{"id":216551,"date":"2022-07-11T12:55:07","date_gmt":"2022-07-11T10:55:07","guid":{"rendered":"https:\/\/www.growens.io\/?p=216551"},"modified":"2022-07-11T14:53:18","modified_gmt":"2022-07-11T12:53:18","slug":"progetto-mymentor","status":"publish","type":"post","link":"https:\/\/www.growens.io\/it\/progetto-mymentor\/","title":{"rendered":"Studenti a fianco dei nostri manager: intervista a Alice e Paolo"},"content":{"rendered":"<p><span style=\"font-weight: 400;\">A novembre 2021, Growens \u00e8 entrato nel vivo del progetto MyMentor, condotto dall\u2019<\/span><a href=\"https:\/\/www.unicatt.it\/\" target=\"_blank\" rel=\"noopener\"><span style=\"font-weight: 400;\">Universit\u00e0 Cattolica del Sacro Cuore<\/span><\/a><span style=\"font-weight: 400;\"> fin dal 2015. L\u2019iniziativa offre la possibilit\u00e0 agli studenti di affiancare un professionista che ricoprir\u00e0 il ruolo di mentore, trasmettendo loro le proprie conoscenze e spunti utili per la crescita professionale.<\/span><\/p>\n<p><span style=\"font-weight: 400;\">I professionisti che hanno ricoperto il ruolo di <\/span><i><span style=\"font-weight: 400;\">mentor<\/span><\/i><span style=\"font-weight: 400;\">, rappresentando Growens all\u2019interno di questo progetto, sono stati <\/span><b>Matteo Monfredini<\/b><span style=\"font-weight: 400;\">, Presidente &amp; Chief Financial Officer, e <\/span><b>Michele Cappellini<\/b><span style=\"font-weight: 400;\">, Chief Information Officer del Gruppo.\u00a0<\/span><\/p>\n<p><span style=\"font-weight: 400;\">I nostri manager hanno affiancato rispettivamente <\/span><b>Paolo Arnanno<\/b><span style=\"font-weight: 400;\"> e <\/span><b>Alice Michetti<\/b><span style=\"font-weight: 400;\">, studenti del primo anno del corso di laurea magistrale in <\/span><a href=\"https:\/\/www.unicatt.it\/corsi\/innovazione-e-imprenditorialita-digitale-cremona\" target=\"_blank\" rel=\"noopener\"><span style=\"font-weight: 400;\">Innovazione e Imprenditorialit\u00e0 Digitale<\/span><\/a><span style=\"font-weight: 400;\"> della sede di Cremona.<\/span><\/p>\n<h2><b>Il progetto MyMentor\u00a0<\/b><\/h2>\n<p><span style=\"font-weight: 400;\">MyMentor nasce nel 2015, nella sede di <\/span><b>Piacenza dell\u2019Universit\u00e0 Cattolica, <\/b><span style=\"font-weight: 400;\">con lo scopo di costruire un <\/span><b>ponte tra l\u2019Universit\u00e0 e il mondo del lavoro<\/b><span style=\"font-weight: 400;\">, creando un <\/span><i><span style=\"font-weight: 400;\">network <\/span><\/i><span style=\"font-weight: 400;\">di professionisti giovani che possa essere utile poi nello sviluppo della loro carriera lavorativa.<\/span><\/p>\n<p><span style=\"font-weight: 400;\">Il progetto consiste nell\u2019abbinamento di un <\/span><i><span style=\"font-weight: 400;\">mentor <\/span><\/i><span style=\"font-weight: 400;\">&#8211; professionista affermato &#8211; ad un <\/span><i><span style=\"font-weight: 400;\">mentee\u00a0 <\/span><\/i><span style=\"font-weight: 400;\">&#8211; studente selezionato &#8211; per un periodo di circa <\/span><b>sei mesi<\/b><span style=\"font-weight: 400;\">, durante il quale i mentee\u00a0 affiancheranno i propri mentor, supportandoli nelle loro attivit\u00e0 lavorative quotidiane.<\/span><\/p>\n<p><span style=\"font-weight: 400;\">Durante questa collaborazione i mentor avranno il compito di dispensare consigli agli studenti su come affrontare diverse sfide, riguardanti sia l\u2019universit\u00e0 che il lavoro, svolgendo cos\u00ec il ruolo di guida e consigliere.<\/span><\/p>\n<p><span style=\"font-weight: 400;\">Questa interazione continua tra mentor e <\/span><i><span style=\"font-weight: 400;\">mentee <\/span><\/i><span style=\"font-weight: 400;\">consente di instaurare una <\/span><b>relazione interpersonale<\/b><span style=\"font-weight: 400;\"> di aiuto, sostegno e sviluppo che potrebbe continuare anche dopo il termine della collaborazione.<\/span><\/p>\n<p><span style=\"font-weight: 400;\">Growens non poteva certamente tirarsi indietro da questo progetto. Da sempre supporta e ricerca nuovi talenti e per questo motivo ha accolto di buon grado la possibilit\u00e0 di supportare dei giovani promettenti, accogliendo i due studenti che hanno partecipato al progetto.<\/span><\/p>\n<p><span style=\"font-weight: 400;\">Passiamo ora la parola a Paolo e Alice, per ascoltare la loro esperienza durante questo programma di <\/span><i><span style=\"font-weight: 400;\">mentorship<\/span><\/i><span style=\"font-weight: 400;\"> in Growens.<\/span><\/p>\n<h3><img loading=\"lazy\" decoding=\"async\" class=\"aligncenter wp-image-216554 size-full\" src=\"https:\/\/www.growens.io\/wp-content\/uploads\/2022\/07\/Image.jpeg\" alt=\"\" width=\"1451\" height=\"496\" srcset=\"https:\/\/www.growens.io\/wp-content\/uploads\/2022\/07\/Image.jpeg 1451w, https:\/\/www.growens.io\/wp-content\/uploads\/2022\/07\/Image-300x103.jpeg 300w, https:\/\/www.growens.io\/wp-content\/uploads\/2022\/07\/Image-1024x350.jpeg 1024w, https:\/\/www.growens.io\/wp-content\/uploads\/2022\/07\/Image-768x263.jpeg 768w, https:\/\/www.growens.io\/wp-content\/uploads\/2022\/07\/Image-70x24.jpeg 70w\" sizes=\"auto, (max-width: 1451px) 100vw, 1451px\" \/><\/h3>\n<h3><b>Potreste presentarvi e condividere con noi le vostre impressioni sul progetto MyMentor?<\/b><\/h3>\n<p><b>Paolo<\/b><span style=\"font-weight: 400;\">: \u201cMi chiamo Paolo Arnanno, sono laureato in Economia Aziendale e al momento sto concludendo il primo anno del corso di laurea magistrale in Imprenditorialit\u00e0 e Innovazione Digitale, all\u2019Universit\u00e0 Cattolica del Sacro Cuore di Cremona.\u00a0<\/span><\/p>\n<p><span style=\"font-weight: 400;\">Nel tempo libero adoro giocare ai videogiochi e fare sport: ho praticato per molti anni calcio e basket e al momento mi sto cimentando nel crossfit.<\/span><\/p>\n<p><span style=\"font-weight: 400;\">Durante questo programma di <\/span><i><span style=\"font-weight: 400;\">mentorship <\/span><\/i><span style=\"font-weight: 400;\">ho avuto la fortuna di affiancare Matteo Monfredini, con il quale mi sono trovato subito <\/span><b>a mio agio<\/b><span style=\"font-weight: 400;\">. Il rapporto \u00e8 stato informale e fin dal primo incontro ci siamo trovati a parlare di numerosi argomenti, senza avere in mente un percorso ben preciso che \u00e8 stato delineato strada facendo.<\/span><\/p>\n<p><span style=\"font-weight: 400;\">Inizialmente, abbiamo analizzato il <\/span><i><span style=\"font-weight: 400;\">modus operandi<\/span><\/i><span style=\"font-weight: 400;\"> di Growens in generale per poi scendere nel dettaglio, focalizzandoci su alcuni <\/span><b>processi<\/b><span style=\"font-weight: 400;\"> che stavano avendo luogo all\u2019interno dell\u2019azienda e altri di mio specifico interesse, come il <\/span><b><i>merge <\/i><\/b><span style=\"font-weight: 400;\">e <\/span><b>l&#8217;acquisizione<\/b><span style=\"font-weight: 400;\">. Questo \u00e8 stato utile per avere una overview<\/span> <span style=\"font-weight: 400;\">generale ed entrare nella pratica delle cose\u201d.<\/span><\/p>\n<p><b>Alice<\/b><span style=\"font-weight: 400;\">: \u201cIo sono Alice Michetti e, come Paolo, sono laureata in Economia Aziendale e frequento il corso di Innovazione e Imprenditorialit\u00e0 Digitale all\u2019Universit\u00e0 di Cremona.<\/span><\/p>\n<p><span style=\"font-weight: 400;\">Sono una ragazza curiosa, con tanta voglia di fare e di mettermi in gioco. Nel tempo libero adoro praticare attivit\u00e0 fisica, nello specifico mi piace molto correre ed andare a fare lunghe camminate per le zone della Versilia, da cui provengo.<\/span><\/p>\n<p><span style=\"font-weight: 400;\">Durante il progetto \u201cMyMentor\u201d sono stata seguita da Michele Cappellini, con il quale mi sono trovata <\/span><b>in sintonia<\/b><span style=\"font-weight: 400;\"> rapidamente. <\/span><span style=\"font-weight: 400;\">\u00c8 sempre stato disponibile e, sebbene l\u2019esperienza si sia conclusa intorno al mese di maggio, stiamo continuando a portare avanti questa collaborazione.\u00a0\u00a0<\/span><\/p>\n<p><span style=\"font-weight: 400;\">Dopo tutti gli incontri che abbiamo fatto, gli ho chiesto se potessi trascorrere<\/span><b> una giornata in azienda<\/b><span style=\"font-weight: 400;\"> e lui \u00e8 venuto incontro a questa mia richiesta: vivere l\u2019azienda\u201d.\u00a0<\/span><\/p>\n<h3><b>Siete soddisfatti dell\u2019esperienza?<\/b><\/h3>\n<p><b>Alice<\/b><span style=\"font-weight: 400;\">: \u201cPer me \u00e8 stata davvero una <\/span><b>grande opportunit\u00e0<\/b><span style=\"font-weight: 400;\"> che non tutte le universit\u00e0 offrono. Ci ha consentito di vedere e mettere in pratica ci\u00f2 che abbiamo sempre studiato, senza fermarci all\u2019aspetto puramente teorico.\u00a0<\/span><\/p>\n<p><span style=\"font-weight: 400;\">Certamente, il confronto con persone esperte come il team di Michele, \u00e8 stata un\u2019occasione per fare luce su questo punto.<\/span><\/p>\n<p><span style=\"font-weight: 400;\">Inoltre, in molte riunioni a cui ho partecipato con Michele ho avuto modo di vedere in che modo molti concetti affrontati all\u2019universit\u00e0 vengono poi applicati a progetti concreti\u201d.<\/span><\/p>\n<p><b>Paolo<\/b><span style=\"font-weight: 400;\">: \u201cL\u2019esperienza \u00e8 sicuramente stata interessante. In particolar modo, non mi aspettavo di vivere in maniera cos\u00ec informale e di <\/span><b>inserirmi cos\u00ec facilmente<\/b><span style=\"font-weight: 400;\"> in un contesto lavorativo cos\u00ec strutturato.\u00a0<\/span><\/p>\n<p><span style=\"font-weight: 400;\">Non ho avuto alcuna difficolt\u00e0 ad entrare in relazione con Matteo: anche ora che il progetto \u00e8 giunto al termine, <\/span><b>continuiamo a sentirci spesso<\/b><span style=\"font-weight: 400;\">. Ultimamente mi ha anche aiutato con un progetto al quale sto lavorando\u201d.<\/span><\/p>\n<h3><b>Cosa portate a casa da questa esperienza?<\/b><\/h3>\n<p><b>Paolo<\/b><span style=\"font-weight: 400;\">: \u201cSicuramente mi porto a casa il fatto che in azienda non sempre ci si trova di fronte a situazioni lineari, come presentano i libri di testo.<\/span><\/p>\n<p><span style=\"font-weight: 400;\">Rispetto a quanto possiamo apprendere dai nei libri all&#8217;universit\u00e0, <\/span><b>la realt\u00e0 \u00e8 molto pi\u00f9 complessa<\/b><span style=\"font-weight: 400;\">. Ad esempio, Matteo mi \u00e8 sembrato sempre molto indaffarato a risolvere un problema dopo l\u2019altro.<\/span><\/p>\n<p><span style=\"font-weight: 400;\">Mi porto a casa la possibilit\u00e0 di aver potuto affiancare un manager di un\u2019azienda quotata in Borsa e che quindi deve seguire precise policy. Ho apprezzato anchela possibilit\u00e0 di conoscere persone con un grande livello di esperienza, da Cinzia Marini (Head of Data, Analytics &amp; Integration) a Eugenio Colazzo (Cyber Security Manager).<\/span><\/p>\n<p><span style=\"font-weight: 400;\">Tutte le persone con le quali ci siamo confrontati sono professionisti da cui traspare una <\/span><b>grande competenza<\/b><span style=\"font-weight: 400;\">, essenziale in un contesto del genere\u201d.<\/span><\/p>\n<p><b>Alice<\/b><span style=\"font-weight: 400;\">: \u201cHo sicuramente compreso come <\/span><b>l\u2019esperienza <\/b><span style=\"font-weight: 400;\">sia fondamentale tanto quanto la teoria, se non forse di pi\u00f9.\u00a0<\/span><\/p>\n<p><span style=\"font-weight: 400;\">Questo perch\u00e9 la teoria consente di arrivare fino ad un certo punto, ma solo con l\u2019esperienza \u00e8 possibile capire realmente come gestire particolari situazioni ed avere cos\u00ec una <\/span><b>marcia in pi\u00f9<\/b><span style=\"font-weight: 400;\">.\u00a0<\/span><\/p>\n<p><span style=\"font-weight: 400;\">Inoltre, ho compreso come in azienda non avvenga sempre tutto in maniera lineare, come ci viene spiegato in universit\u00e0. L\u2019azienda \u00e8 in continua evoluzione, \u00e8 una<\/span><b> realt\u00e0 dinamica <\/b><span style=\"font-weight: 400;\">e per farla funzionare al meglio bisogna avere una visione molto ampia\u201d.<\/span><\/p>\n<h3><b>C\u2019\u00e8 stato qualche aspetto del lavoro in Growens che vi ha colpito maggiormente?<\/b><\/h3>\n<p><b>Alice<\/b><span style=\"font-weight: 400;\">: \u201cLa prima volta che Paolo ed io siamo venuti in ufficio insieme, ci siamo ritrovati nella sala riunioni insieme a Michele e a Matteo, che durante quell\u2019incontro hanno condiviso con noi gli obiettivi dell\u2019azienda, le Business Unit presenti all\u2019interno del Gruppo e i progetti ai quali stavano lavorando, tra cui <\/span><a href=\"https:\/\/www.growens.io\/it\/contactlab-conference-call\/\" target=\"_blank\" rel=\"noopener\"><span style=\"font-weight: 400;\">l\u2019acquisizione<\/span><\/a><span style=\"font-weight: 400;\"> di Contactlab.<\/span><\/p>\n<p><span style=\"font-weight: 400;\">\u00c8 stato in quel momento che mi sono resa conto di quanto<\/span><b> l\u2019azienda fosse strutturata<\/b><span style=\"font-weight: 400;\">. Fino ad allora avevo solo letto di aziende simili, ma il fatto di ritrovarmi dentro ad una realt\u00e0 del genere \u00e8 stata davvero una sorpresa.\u00a0<\/span><\/p>\n<p><span style=\"font-weight: 400;\">Inoltre, Growens attribuisce una grande importanza al <\/span><i><span style=\"font-weight: 400;\">networking<\/span><\/i><span style=\"font-weight: 400;\"> e ed \u00e8 altamente <\/span><b>digitalizzata<\/b><span style=\"font-weight: 400;\">. Qui tutti lavorano da remoto o nelle proprie sedi lontane tra loro, e nonostante tutto ho potuto notare come siano ben collegati tra loro.\u00a0<\/span><\/p>\n<p><span style=\"font-weight: 400;\">Esiste una struttura di base che consente di parlare con qualunque collega come se fosse nell\u2019ufficio accanto, riuscendo ad <\/span><b>annullare la distanza<\/b><span style=\"font-weight: 400;\"> fisica. Questo aspetto mi ha piacevolmente sorpreso\u201d.<\/span><\/p>\n<p><b>Paolo<\/b><span style=\"font-weight: 400;\">: \u201cPersonalmente, mi ha colpito molto il discorso pronunciato da Matteo e Michele in sede di presentazione. Ci hanno parlato subito delle <\/span><b>differenze culturali<\/b><span style=\"font-weight: 400;\"> presenti nei vari team e nelle diverse business unit e come queste differenze potessero essere una punto di forza ma al tempo stesso &#8211; se non gestite in maniera adeguata &#8211; potessero creare qualche difficolt\u00e0.\u00a0<\/span><\/p>\n<p><span style=\"font-weight: 400;\">Ci hanno poi mostrato la chat di Slack <\/span><i><span style=\"font-weight: 400;\">[strumento utilizzato per le comunicazioni interne, n.d.r.]<\/span><\/i><span style=\"font-weight: 400;\"> nella quale erano aperte numerose conversazioni e da l\u00ec ho compreso come l\u2019<\/span><b>interazione<\/b><span style=\"font-weight: 400;\"> all\u2019interno di questa azienda sia costante e <\/span><b>essenziale<\/b><span style=\"font-weight: 400;\">.\u00a0<\/span><\/p>\n<p><span style=\"font-weight: 400;\">\u00c8 estremamente importante comunicare con tutti e fare in modo che tutti possano mettersi in contatto con te, soprattutto se si ricopre un ruolo di responsabilit\u00e0 e si \u00e8 una persona su cui tanti fanno affidamento\u201d.<\/span><\/p>\n<h3><b>Ora passiamo la parola a Michele Cappellini, Chief<\/b><b> Information Officer<\/b><b> di Growens, che ha ricoperto il ruolo mentor. Come hai vissuto questo progetto?<\/b><\/h3>\n<p><b>Michele<\/b><span style=\"font-weight: 400;\">: \u201cNon appena \u00e8 stato proposto a me e a Matteo di prendere parte ad un progetto di <\/span><i><span style=\"font-weight: 400;\">mentorship<\/span><\/i><span style=\"font-weight: 400;\">, abbiamo compreso quanto preziosa potesse essere questa opportunit\u00e0. Era ci\u00f2 di cui avevamo bisogno: contribuire alla formazione di futuri manager specializzati nella gestione di aziende digitali.<\/span><\/p>\n<p><span style=\"font-weight: 400;\">Non \u00e8 la prima volta che supporto degli studenti, ma sono rimasto piacevolmente colpito da come fosse strutturato questo progetto e<\/span><b> l\u2019esperienza \u00e8 stata molto interessante<\/b><span style=\"font-weight: 400;\">.<\/span><\/p>\n<p><span style=\"font-weight: 400;\">Tutti gli studenti &#8211; nel caso specifico Paolo e Alice &#8211; si sono rivelati pienamente motivati, dimostrando di possedere una <\/span><b>grande preparazione<\/b><span style=\"font-weight: 400;\"> e di saper fare le giuste domande.<\/span><\/p>\n<p><span style=\"font-weight: 400;\">Non \u00e8 un\u2019esperienza banale, richiede del tempo specifico da dedicare ai ragazzi e all\u2019universit\u00e0 ma \u00e8 un\u2019iniziativa che <\/span><b>rifarei assolutamente<\/b><span style=\"font-weight: 400;\">. Personalmente, \u00e8 un\u2019attivit\u00e0 che mi piace molto e inoltre, trovo porti valore all\u2019azienda stessa\u201d.<\/span><\/p>\n","protected":false},"excerpt":{"rendered":"<p>Growens partecipa al progetto MyMentor, dove due studenti universitari hanno affiancato due dei nostri manager. Ecco il loro racconto.<\/p>\n","protected":false},"author":2,"featured_media":0,"comment_status":"open","ping_status":"open","sticky":false,"template":"","format":"standard","meta":{"_acf_changed":false,"inline_featured_image":false,"footnotes":""},"categories":[2],"tags":[75],"class_list":["post-216551","post","type-post","status-publish","format-standard","hentry","category-non-categorizzato","tag-culture-it"],"acf":[],"_links":{"self":[{"href":"https:\/\/www.growens.io\/it\/wp-json\/wp\/v2\/posts\/216551","targetHints":{"allow":["GET"]}}],"collection":[{"href":"https:\/\/www.growens.io\/it\/wp-json\/wp\/v2\/posts"}],"about":[{"href":"https:\/\/www.growens.io\/it\/wp-json\/wp\/v2\/types\/post"}],"author":[{"embeddable":true,"href":"https:\/\/www.growens.io\/it\/wp-json\/wp\/v2\/users\/2"}],"replies":[{"embeddable":true,"href":"https:\/\/www.growens.io\/it\/wp-json\/wp\/v2\/comments?post=216551"}],"version-history":[{"count":7,"href":"https:\/\/www.growens.io\/it\/wp-json\/wp\/v2\/posts\/216551\/revisions"}],"predecessor-version":[{"id":216571,"href":"https:\/\/www.growens.io\/it\/wp-json\/wp\/v2\/posts\/216551\/revisions\/216571"}],"wp:attachment":[{"href":"https:\/\/www.growens.io\/it\/wp-json\/wp\/v2\/media?parent=216551"}],"wp:term":[{"taxonomy":"category","embeddable":true,"href":"https:\/\/www.growens.io\/it\/wp-json\/wp\/v2\/categories?post=216551"},{"taxonomy":"post_tag","embeddable":true,"href":"https:\/\/www.growens.io\/it\/wp-json\/wp\/v2\/tags?post=216551"}],"curies":[{"name":"wp","href":"https:\/\/api.w.org\/{rel}","templated":true}]}}